{"id":6454,"date":"2025-08-26T19:30:23","date_gmt":"2025-08-26T19:30:23","guid":{"rendered":"https:\/\/tvstreamzilla.com\/pt\/?p=6454"},"modified":"2025-08-26T19:30:26","modified_gmt":"2025-08-26T19:30:26","slug":"convocacao-selecao-brasileira","status":"publish","type":"post","link":"https:\/\/tvstreamzilla.com\/pt\/esportes\/convocacao-selecao-brasileira\/","title":{"rendered":"Convoca\u00e7\u00e3o da Sele\u00e7\u00e3o Brasileira: Ancelotti Revela Lista para Jogos das Eliminat\u00f3rias"},"content":{"rendered":"\n<p>Na segunda-feira, 25 de agosto de 2025, Carlo Ancelotti anunciou sua segunda convoca\u00e7\u00e3o como t\u00e9cnico da Sele\u00e7\u00e3o Brasileira. Dessa forma, a lista foi divulgada para os jogos contra Chile e Bol\u00edvia, v\u00e1lidos pelas Eliminat\u00f3rias da Copa do Mundo de 2026. Como o Brasil j\u00e1 est\u00e1 classificado para o torneio, o treinador italiano aproveitou a oportunidade para testar novos nomes, avaliar jogadores em ascens\u00e3o e, portanto, dar continuidade a um processo de renova\u00e7\u00e3o da equipe. Al\u00e9m disso, a convoca\u00e7\u00e3o chamou aten\u00e7\u00e3o n\u00e3o apenas pela presen\u00e7a de novos talentos, mas tamb\u00e9m pelas aus\u00eancias de jogadores consagrados, o que gerou ampla repercuss\u00e3o entre torcedores e especialistas.<\/p>\n\n\n\n<h2 class=\"wp-block-heading\">Goleiros<\/h2>\n\n\n\n<ul>\n<li>Alisson (Liverpool)<\/li>\n\n\n\n<li>Bento (Al Nassr)<\/li>\n\n\n\n<li>Hugo Souza (Corinthians)<\/li>\n<\/ul>\n\n\n\n<p>O setor de goleiros mant\u00e9m tradi\u00e7\u00e3o e seguran\u00e7a, garantindo experi\u00eancia e confian\u00e7a para a Sele\u00e7\u00e3o Brasileira.<\/p>\n\n\n\n<h2 class=\"wp-block-heading\">Laterais<\/h2>\n\n\n\n<ul>\n<li>Alex Sandro (Flamengo)<\/li>\n\n\n\n<li>Caio Henrique (Monaco)<\/li>\n\n\n\n<li>Douglas Santos (Zenit)<\/li>\n\n\n\n<li>Vanderson (Monaco)<\/li>\n\n\n\n<li>Wesley (Roma)<\/li>\n<\/ul>\n\n\n\n<p>Al\u00e9m disso, os laterais combinam experi\u00eancia e mobilidade. Alex Sandro (Flamengo) retorna ap\u00f3s boas atua\u00e7\u00f5es, enquanto Caio Henrique (Monaco) oferece versatilidade ofensiva. Douglas Santos (Zenit) alia consist\u00eancia defensiva e apoio ao ataque. Vanderson (Monaco) acrescenta velocidade, e Wesley (Roma) garante solidez na defesa e suporte ao meio-campo.<\/p>\n\n\n\n<h2 class=\"wp-block-heading\">Zagueiros<\/h2>\n\n\n\n<ul>\n<li>Alexsandro (Lille)<\/li>\n\n\n\n<li>Fabr\u00edcio Bruno (Cruzeiro)<\/li>\n\n\n\n<li>Gabriel Magalh\u00e3es (Arsenal)<\/li>\n\n\n\n<li>Marquinhos (PSG)<\/li>\n<\/ul>\n\n\n\n<p>A defesa central apresenta equil\u00edbrio entre experi\u00eancia e for\u00e7a f\u00edsica. Alexsandro (Lille) contribui com t\u00e9cnica e posicionamento, enquanto Fabr\u00edcio Bruno (Cruzeiro) refor\u00e7a presen\u00e7a e lideran\u00e7a. Gabriel Magalh\u00e3es (Arsenal) mant\u00e9m seguran\u00e7a e organiza\u00e7\u00e3o, e Marquinhos (PSG) atua como refer\u00eancia t\u00e1tica e estrat\u00e9gica.<\/p>\n\n\n\n<h2 class=\"wp-block-heading\">Meias<\/h2>\n\n\n\n<ul>\n<li>Andrey Santos (Chelsea)<\/li>\n\n\n\n<li>Bruno Guimar\u00e3es (Newcastle)<\/li>\n\n\n\n<li>Casemiro (Manchester United)<\/li>\n\n\n\n<li>Joelinton (Newcastle)<\/li>\n\n\n\n<li>Paquet\u00e1 (West Ham)<\/li>\n<\/ul>\n\n\n\n<p>No meio-campo, a Sele\u00e7\u00e3o combina criatividade e controle. Andrey Santos (Chelsea) surge como novidade, oferecendo juventude e capacidade defensiva. Bruno Guimar\u00e3es (Newcastle) ajuda a controlar o ritmo de jogo, enquanto Casemiro (Manchester United) garante equil\u00edbrio. Joelinton (Newcastle) apresenta versatilidade, e Paquet\u00e1 (West Ham) retorna ap\u00f3s aus\u00eancia, refor\u00e7ando consist\u00eancia e experi\u00eancia.<\/p>\n\n\n\n<h2 class=\"wp-block-heading\">Atacantes<\/h2>\n\n\n\n<ul>\n<li>Est\u00eav\u00e3o (Chelsea)<\/li>\n\n\n\n<li>Gabriel Martinelli (Arsenal)<\/li>\n\n\n\n<li>Jo\u00e3o Pedro (Chelsea)<\/li>\n\n\n\n<li>Kaio Jorge (Cruzeiro)<\/li>\n\n\n\n<li>Luiz Henrique (Zenit)<\/li>\n\n\n\n<li>Matheus Cunha (Manchester United)<\/li>\n\n\n\n<li>Raphinha (Barcelona)<\/li>\n\n\n\n<li>Richarlison (Tottenham)<\/li>\n<\/ul>\n\n\n\n<p>O ataque apresenta equil\u00edbrio entre experi\u00eancia e juventude. Est\u00eav\u00e3o (Chelsea) surge como promessa, enquanto Gabriel Martinelli (Arsenal) e Jo\u00e3o Pedro (Chelsea) oferecem mobilidade e t\u00e9cnica. Kaio Jorge (Cruzeiro) estreia na Sele\u00e7\u00e3o Principal, Luiz Henrique (Zenit) refor\u00e7a criatividade, Matheus Cunha (Manchester United) mant\u00e9m consist\u00eancia ofensiva, e Raphinha (Barcelona) e Richarlison (Tottenham) completam o setor com for\u00e7a e versatilidade.<\/p>\n\n\n\n<figure class=\"wp-block-image size-large\"><img decoding=\"async\" loading=\"lazy\" width=\"1024\" height=\"514\" src=\"https:\/\/tvstreamzilla.com\/pt\/wp-content\/uploads\/sites\/3\/2025\/08\/image-22-1024x514.png\" alt=\"\" class=\"wp-image-6457\" srcset=\"https:\/\/tvstreamzilla.com\/pt\/wp-content\/uploads\/sites\/3\/2025\/08\/image-22-1024x514.png 1024w, https:\/\/tvstreamzilla.com\/pt\/wp-content\/uploads\/sites\/3\/2025\/08\/image-22-300x151.png 300w, https:\/\/tvstreamzilla.com\/pt\/wp-content\/uploads\/sites\/3\/2025\/08\/image-22-768x386.png 768w, https:\/\/tvstreamzilla.com\/pt\/wp-content\/uploads\/sites\/3\/2025\/08\/image-22.png 1053w\" sizes=\"(max-width: 1024px) 100vw, 1024px\" \/><\/figure>\n\n\n\n<h2 class=\"wp-block-heading\">Novidades e Retornos<\/h2>\n\n\n\n<p>Kaio Jorge, artilheiro do Campeonato Brasileiro, \u00e9 convocado pela primeira vez, enquanto Paquet\u00e1 retorna ap\u00f3s aus\u00eancia, refor\u00e7ando a import\u00e2ncia do desempenho recente. Al\u00e9m disso, Est\u00eav\u00e3o e Luiz Henrique representam apostas estrat\u00e9gicas para renovar o elenco. Dessa forma, Ancelotti busca equil\u00edbrio entre experi\u00eancia, juventude e crescimento da equipe.<\/p>\n\n\n\n<h2 class=\"wp-block-heading\">Principais Aus\u00eancias<\/h2>\n\n\n\n<p>Neymar (Santos) n\u00e3o foi inclu\u00eddo devido a um edema na coxa, e Ancelotti explicou que a decis\u00e3o priorizou atletas em plena condi\u00e7\u00e3o f\u00edsica. Rodrygo (Real Madrid) tamb\u00e9m ficou de fora por quest\u00f5es f\u00edsicas. Al\u00e9m disso, Vin\u00edcius J\u00fanior (Real Madrid)  a  raz\u00e3o do ancelotti n\u00e3o convocar o vini jr foi que ele levou o segundo cart\u00e3o amarelo contra o paraguai. Desta forma, ficou suspenso para o duelo contra o Chile, no Maracan\u00e3 e \u00c9der Milit\u00e3o (Real Madrid) se recupera da les\u00e3o, portanto n\u00e3o foram convocados. <\/p>\n\n\n\n<h2 class=\"wp-block-heading\">Crit\u00e9rios de Convoca\u00e7\u00e3o de Ancelotti<\/h2>\n\n\n\n<p>Ancelotti destacou que sua convoca\u00e7\u00e3o se baseia principalmente no desempenho atual dos atletas. Ele ressaltou que o jogador que representa a Sele\u00e7\u00e3o Brasileira deve estar 100% em sua condi\u00e7\u00e3o f\u00edsica, pois somente assim \u00e9 poss\u00edvel manter a competitividade em partidas de alto n\u00edvel. Al\u00e9m disso, o treinador observou a import\u00e2ncia do ritmo de jogo, afirmando que atletas sem tempo recente de jogo n\u00e3o seriam convocados. Dessa forma, o crit\u00e9rio evidencia a filosofia de Ancelotti de manter a equipe competitiva, din\u00e2mica e preparada.<\/p>\n\n\n\n<h2 class=\"wp-block-heading\">Prepara\u00e7\u00e3o e Treinamento<\/h2>\n\n\n\n<p>A equipe ter\u00e1 per\u00edodo de treinamento antes das partidas, visando entrosamento entre atletas experientes e novatos. As sess\u00f5es contemplar\u00e3o aspectos t\u00e1ticos, f\u00edsicos e psicol\u00f3gicos, fundamentais para jogos em diferentes condi\u00e7\u00f5es de clima e altitude, como \u00e9 o caso da Bol\u00edvia. Al\u00e9m disso, o trabalho inclui adapta\u00e7\u00e3o \u00e0s estrat\u00e9gias ofensivas e defensivas que Ancelotti deseja implementar, bem como refor\u00e7o no preparo f\u00edsico e recupera\u00e7\u00e3o de atletas para evitar les\u00f5es. Assim, a expectativa \u00e9 que os treinos fortale\u00e7am coes\u00e3o e performance da equipe.<\/p>\n\n\n\n<h2 class=\"wp-block-heading\">Pr\u00f3ximos Jogos<\/h2>\n\n\n\n<ul>\n<li>Brasil vs. Chile: 4 de setembro, no Maracan\u00e3, Rio de Janeiro.<\/li>\n\n\n\n<li>Bol\u00edvia vs. Brasil: 9 de setembro, em El Alto, Bol\u00edvia.<\/li>\n<\/ul>\n\n\n\n<p>Portanto, esses confrontos marcam o fechamento das Eliminat\u00f3rias para o Brasil, que j\u00e1 garantiu sua vaga na Copa do Mundo de 2026.<\/p>\n\n\n\n<figure class=\"wp-block-image size-large\"><img decoding=\"async\" loading=\"lazy\" width=\"1024\" height=\"576\" src=\"https:\/\/tvstreamzilla.com\/pt\/wp-content\/uploads\/sites\/3\/2025\/08\/ancelotti-1024x576.jpg\" alt=\"Convoca\u00e7\u00e3o da Sele\u00e7\u00e3o Brasileira : Ancelotti Revela Lista Oficial\" class=\"wp-image-6459\" srcset=\"https:\/\/tvstreamzilla.com\/pt\/wp-content\/uploads\/sites\/3\/2025\/08\/ancelotti-1024x576.jpg 1024w, https:\/\/tvstreamzilla.com\/pt\/wp-content\/uploads\/sites\/3\/2025\/08\/ancelotti-300x169.jpg 300w, https:\/\/tvstreamzilla.com\/pt\/wp-content\/uploads\/sites\/3\/2025\/08\/ancelotti-768x432.jpg 768w, https:\/\/tvstreamzilla.com\/pt\/wp-content\/uploads\/sites\/3\/2025\/08\/ancelotti.jpg 1296w\" sizes=\"(max-width: 1024px) 100vw, 1024px\" \/><\/figure>\n\n\n\n<h2 class=\"wp-block-heading\">Expectativa da Torcida e Repercuss\u00e3o<\/h2>\n\n\n\n<p>A convoca\u00e7\u00e3o gerou ampla repercuss\u00e3o entre torcedores e especialistas. Muitos elogiaram a inclus\u00e3o de jovens talentos, enquanto outros lamentaram a aus\u00eancia de Neymar e Vin\u00edcius J\u00fanior. Al\u00e9m disso, a expectativa \u00e9 que a Sele\u00e7\u00e3o mantenha seu padr\u00e3o de competitividade, mesmo com mudan\u00e7as no elenco. Especialistas destacam que a filosofia do treinador prioriza consist\u00eancia, equil\u00edbrio e preparo f\u00edsico, fatores essenciais para o desempenho em torneios internacionais.<\/p>\n\n\n\n<h2 class=\"wp-block-heading\">Considera\u00e7\u00f5es Finais<\/h2>\n\n\n\n<p>A convoca\u00e7\u00e3o da Sele\u00e7\u00e3o Brasileira por Carlo Ancelotti marca uma nova fase para a equipe. Combinando experi\u00eancia e renova\u00e7\u00e3o, a lista reflete a estrat\u00e9gia de preparar o time para desafios atuais e futuros. Al\u00e9m disso, o equil\u00edbrio entre jogadores consagrados e promissores demonstra que o t\u00e9cnico busca n\u00e3o apenas resultados imediatos, mas tamb\u00e9m planejamento sustent\u00e1vel para o futebol brasileiro. Assim, a expectativa \u00e9 que os pr\u00f3ximos jogos reforcem a capacidade do Brasil de manter protagonismo em competi\u00e7\u00f5es internacionais e consolidem talentos que poder\u00e3o se destacar na Copa do Mundo de 2026.<\/p>\n\n\n\n<h2 class=\"wp-block-heading\">Explore Mais <a href=\"https:\/\/tvstreamzilla.com\/pt\/category\/melhores-filmes\/\" data-internallinksmanager029f6b8e52c=\"27\" title=\"Descubra os Melhores Filmes do Streaming\">Filmes<\/a> e <a href=\"https:\/\/tvstreamzilla.com\/pt\/category\/series\/\" data-internallinksmanager029f6b8e52c=\"28\" title=\"Descubra as melhores s\u00e9ries do streaming\">S\u00e9ries<\/a> Aqui no <a href=\"https:\/\/tvstreamzilla.com\/pt\/\" data-internallinksmanager029f6b8e52c=\"60\" title=\"TVStreamzilla\">TVStreamzilla<\/a><\/h2>\n\n\n\n<p>Agora que voc\u00ea j\u00e1 conheceu um pouco mais sobre a convoca\u00e7\u00e3o da Sele\u00e7\u00e3o Brasileira, aproveite para explorar tudo o que o <a href=\"https:\/\/tvstreamzilla.com\/pt\/\" data-internallinksmanager029f6b8e52c=\"60\" title=\"TVStreamzilla\">TVStreamzilla<\/a> tem a oferecer. Afinal, se tem uma coisa que a gente entende, \u00e9 como indicar bons conte\u00fados.<\/p>\n","protected":false},"excerpt":{"rendered":"<p>Na segunda-feira, 25 de agosto de 2025, Carlo Ancelotti anunciou sua segunda convoca\u00e7\u00e3o como t\u00e9cnico da Sele\u00e7\u00e3o Brasileira. Dessa forma, a lista foi divulgada para os jogos contra Chile e Bol\u00edvia, v\u00e1lidos pelas Eliminat\u00f3rias da Copa do Mundo de 2026. Como o Brasil j\u00e1 est\u00e1 classificado para o torneio, o treinador italiano aproveitou a oportunidade [&hellip;]<\/p>\n","protected":false},"author":9,"featured_media":6455,"comment_status":"closed","ping_status":"closed","sticky":false,"template":"","format":"standard","meta":{"_mi_skip_tracking":false,"_monsterinsights_sitenote_active":false,"_monsterinsights_sitenote_note":"","_monsterinsights_sitenote_category":0},"categories":[174,194],"tags":[],"yoast_head":"<!-- This site is optimized with the Yoast SEO plugin v20.8 - https:\/\/yoast.com\/wordpress\/plugins\/seo\/ -->\n<title>Convoca\u00e7\u00e3o da Sele\u00e7\u00e3o Brasileira : Ancelotti Revela Lista Oficial<\/title>\n<meta name=\"description\" content=\"Confira a convoca\u00e7\u00e3o da Sele\u00e7\u00e3o Brasileira para os jogos contra Chile e Bol\u00edvia. Ancelotti anuncia novidades, retornos e principais aus\u00eancias\" \/>\n<meta name=\"robots\" content=\"index, follow, max-snippet:-1, max-image-preview:large, max-video-preview:-1\" \/>\n<link rel=\"canonical\" href=\"https:\/\/tvstreamzilla.com\/pt\/esportes\/convocacao-selecao-brasileira\/\" \/>\n<meta property=\"og:locale\" content=\"pt_BR\" \/>\n<meta property=\"og:type\" content=\"article\" \/>\n<meta property=\"og:title\" content=\"Convoca\u00e7\u00e3o da Sele\u00e7\u00e3o Brasileira : Ancelotti Revela Lista Oficial\" \/>\n<meta property=\"og:description\" content=\"Confira a convoca\u00e7\u00e3o da Sele\u00e7\u00e3o Brasileira para os jogos contra Chile e Bol\u00edvia. Ancelotti anuncia novidades, retornos e principais aus\u00eancias\" \/>\n<meta property=\"og:url\" content=\"https:\/\/tvstreamzilla.com\/pt\/esportes\/convocacao-selecao-brasileira\/\" \/>\n<meta property=\"og:site_name\" content=\"As \u00faltimas not\u00edcias de streaming de s\u00e9ries de TV, esportes e filmes\" \/>\n<meta property=\"article:published_time\" content=\"2025-08-26T19:30:23+00:00\" \/>\n<meta property=\"article:modified_time\" content=\"2025-08-26T19:30:26+00:00\" \/>\n<meta property=\"og:image\" content=\"https:\/\/tvstreamzilla.com\/pt\/wp-content\/uploads\/sites\/3\/2025\/08\/convocacao.jpg\" \/>\n\t<meta property=\"og:image:width\" content=\"1200\" \/>\n\t<meta property=\"og:image:height\" content=\"675\" \/>\n\t<meta property=\"og:image:type\" content=\"image\/jpeg\" \/>\n<meta name=\"author\" content=\"manoella\" \/>\n<meta name=\"twitter:card\" content=\"summary_large_image\" \/>\n<meta name=\"twitter:label1\" content=\"Escrito por\" \/>\n\t<meta name=\"twitter:data1\" content=\"manoella\" \/>\n<script type=\"application\/ld+json\" class=\"yoast-schema-graph\">{\"@context\":\"https:\/\/schema.org\",\"@graph\":[{\"@type\":\"WebPage\",\"@id\":\"https:\/\/tvstreamzilla.com\/pt\/esportes\/convocacao-selecao-brasileira\/\",\"url\":\"https:\/\/tvstreamzilla.com\/pt\/esportes\/convocacao-selecao-brasileira\/\",\"name\":\"Convoca\u00e7\u00e3o da Sele\u00e7\u00e3o Brasileira : Ancelotti Revela Lista Oficial\",\"isPartOf\":{\"@id\":\"https:\/\/tvstreamzilla.com\/pt\/#website\"},\"datePublished\":\"2025-08-26T19:30:23+00:00\",\"dateModified\":\"2025-08-26T19:30:26+00:00\",\"author\":{\"@id\":\"https:\/\/tvstreamzilla.com\/pt\/#\/schema\/person\/644a38c5149d537213761281399aa69b\"},\"description\":\"Confira a convoca\u00e7\u00e3o da Sele\u00e7\u00e3o Brasileira para os jogos contra Chile e Bol\u00edvia. Ancelotti anuncia novidades, retornos e principais aus\u00eancias\",\"breadcrumb\":{\"@id\":\"https:\/\/tvstreamzilla.com\/pt\/esportes\/convocacao-selecao-brasileira\/#breadcrumb\"},\"inLanguage\":\"pt-BR\",\"potentialAction\":[{\"@type\":\"ReadAction\",\"target\":[\"https:\/\/tvstreamzilla.com\/pt\/esportes\/convocacao-selecao-brasileira\/\"]}]},{\"@type\":\"BreadcrumbList\",\"@id\":\"https:\/\/tvstreamzilla.com\/pt\/esportes\/convocacao-selecao-brasileira\/#breadcrumb\",\"itemListElement\":[{\"@type\":\"ListItem\",\"position\":1,\"name\":\"Home\",\"item\":\"https:\/\/tvstreamzilla.com\/pt\/\"},{\"@type\":\"ListItem\",\"position\":2,\"name\":\"Convoca\u00e7\u00e3o da Sele\u00e7\u00e3o Brasileira: Ancelotti Revela Lista para Jogos das Eliminat\u00f3rias\"}]},{\"@type\":\"WebSite\",\"@id\":\"https:\/\/tvstreamzilla.com\/pt\/#website\",\"url\":\"https:\/\/tvstreamzilla.com\/pt\/\",\"name\":\"As \u00faltimas not\u00edcias de streaming de s\u00e9ries de TV, esportes e filmes\",\"description\":\"Streaming de programas de TV e filmes\",\"potentialAction\":[{\"@type\":\"SearchAction\",\"target\":{\"@type\":\"EntryPoint\",\"urlTemplate\":\"https:\/\/tvstreamzilla.com\/pt\/?s={search_term_string}\"},\"query-input\":\"required name=search_term_string\"}],\"inLanguage\":\"pt-BR\"},{\"@type\":\"Person\",\"@id\":\"https:\/\/tvstreamzilla.com\/pt\/#\/schema\/person\/644a38c5149d537213761281399aa69b\",\"name\":\"manoella\",\"image\":{\"@type\":\"ImageObject\",\"inLanguage\":\"pt-BR\",\"@id\":\"https:\/\/tvstreamzilla.com\/pt\/#\/schema\/person\/image\/\",\"url\":\"https:\/\/secure.gravatar.com\/avatar\/e764f073883cf05309e587382e5c8120?s=96&d=mm&r=g\",\"contentUrl\":\"https:\/\/secure.gravatar.com\/avatar\/e764f073883cf05309e587382e5c8120?s=96&d=mm&r=g\",\"caption\":\"manoella\"},\"url\":\"https:\/\/tvstreamzilla.com\/pt\/author\/manoella\/\"}]}<\/script>\n<!-- \/ Yoast SEO plugin. -->","yoast_head_json":{"title":"Convoca\u00e7\u00e3o da Sele\u00e7\u00e3o Brasileira : Ancelotti Revela Lista Oficial","description":"Confira a convoca\u00e7\u00e3o da Sele\u00e7\u00e3o Brasileira para os jogos contra Chile e Bol\u00edvia. Ancelotti anuncia novidades, retornos e principais aus\u00eancias","robots":{"index":"index","follow":"follow","max-snippet":"max-snippet:-1","max-image-preview":"max-image-preview:large","max-video-preview":"max-video-preview:-1"},"canonical":"https:\/\/tvstreamzilla.com\/pt\/esportes\/convocacao-selecao-brasileira\/","og_locale":"pt_BR","og_type":"article","og_title":"Convoca\u00e7\u00e3o da Sele\u00e7\u00e3o Brasileira : Ancelotti Revela Lista Oficial","og_description":"Confira a convoca\u00e7\u00e3o da Sele\u00e7\u00e3o Brasileira para os jogos contra Chile e Bol\u00edvia. Ancelotti anuncia novidades, retornos e principais aus\u00eancias","og_url":"https:\/\/tvstreamzilla.com\/pt\/esportes\/convocacao-selecao-brasileira\/","og_site_name":"As \u00faltimas not\u00edcias de streaming de s\u00e9ries de TV, esportes e filmes","article_published_time":"2025-08-26T19:30:23+00:00","article_modified_time":"2025-08-26T19:30:26+00:00","og_image":[{"width":1200,"height":675,"url":"https:\/\/tvstreamzilla.com\/pt\/wp-content\/uploads\/sites\/3\/2025\/08\/convocacao.jpg","type":"image\/jpeg"}],"author":"manoella","twitter_card":"summary_large_image","twitter_misc":{"Escrito por":"manoella"},"schema":{"@context":"https:\/\/schema.org","@graph":[{"@type":"WebPage","@id":"https:\/\/tvstreamzilla.com\/pt\/esportes\/convocacao-selecao-brasileira\/","url":"https:\/\/tvstreamzilla.com\/pt\/esportes\/convocacao-selecao-brasileira\/","name":"Convoca\u00e7\u00e3o da Sele\u00e7\u00e3o Brasileira : Ancelotti Revela Lista Oficial","isPartOf":{"@id":"https:\/\/tvstreamzilla.com\/pt\/#website"},"datePublished":"2025-08-26T19:30:23+00:00","dateModified":"2025-08-26T19:30:26+00:00","author":{"@id":"https:\/\/tvstreamzilla.com\/pt\/#\/schema\/person\/644a38c5149d537213761281399aa69b"},"description":"Confira a convoca\u00e7\u00e3o da Sele\u00e7\u00e3o Brasileira para os jogos contra Chile e Bol\u00edvia. Ancelotti anuncia novidades, retornos e principais aus\u00eancias","breadcrumb":{"@id":"https:\/\/tvstreamzilla.com\/pt\/esportes\/convocacao-selecao-brasileira\/#breadcrumb"},"inLanguage":"pt-BR","potentialAction":[{"@type":"ReadAction","target":["https:\/\/tvstreamzilla.com\/pt\/esportes\/convocacao-selecao-brasileira\/"]}]},{"@type":"BreadcrumbList","@id":"https:\/\/tvstreamzilla.com\/pt\/esportes\/convocacao-selecao-brasileira\/#breadcrumb","itemListElement":[{"@type":"ListItem","position":1,"name":"Home","item":"https:\/\/tvstreamzilla.com\/pt\/"},{"@type":"ListItem","position":2,"name":"Convoca\u00e7\u00e3o da Sele\u00e7\u00e3o Brasileira: Ancelotti Revela Lista para Jogos das Eliminat\u00f3rias"}]},{"@type":"WebSite","@id":"https:\/\/tvstreamzilla.com\/pt\/#website","url":"https:\/\/tvstreamzilla.com\/pt\/","name":"As \u00faltimas not\u00edcias de streaming de s\u00e9ries de TV, esportes e filmes","description":"Streaming de programas de TV e filmes","potentialAction":[{"@type":"SearchAction","target":{"@type":"EntryPoint","urlTemplate":"https:\/\/tvstreamzilla.com\/pt\/?s={search_term_string}"},"query-input":"required name=search_term_string"}],"inLanguage":"pt-BR"},{"@type":"Person","@id":"https:\/\/tvstreamzilla.com\/pt\/#\/schema\/person\/644a38c5149d537213761281399aa69b","name":"manoella","image":{"@type":"ImageObject","inLanguage":"pt-BR","@id":"https:\/\/tvstreamzilla.com\/pt\/#\/schema\/person\/image\/","url":"https:\/\/secure.gravatar.com\/avatar\/e764f073883cf05309e587382e5c8120?s=96&d=mm&r=g","contentUrl":"https:\/\/secure.gravatar.com\/avatar\/e764f073883cf05309e587382e5c8120?s=96&d=mm&r=g","caption":"manoella"},"url":"https:\/\/tvstreamzilla.com\/pt\/author\/manoella\/"}]}},"_links":{"self":[{"href":"https:\/\/tvstreamzilla.com\/pt\/wp-json\/wp\/v2\/posts\/6454"}],"collection":[{"href":"https:\/\/tvstreamzilla.com\/pt\/wp-json\/wp\/v2\/posts"}],"about":[{"href":"https:\/\/tvstreamzilla.com\/pt\/wp-json\/wp\/v2\/types\/post"}],"author":[{"embeddable":true,"href":"https:\/\/tvstreamzilla.com\/pt\/wp-json\/wp\/v2\/users\/9"}],"replies":[{"embeddable":true,"href":"https:\/\/tvstreamzilla.com\/pt\/wp-json\/wp\/v2\/comments?post=6454"}],"version-history":[{"count":2,"href":"https:\/\/tvstreamzilla.com\/pt\/wp-json\/wp\/v2\/posts\/6454\/revisions"}],"predecessor-version":[{"id":6461,"href":"https:\/\/tvstreamzilla.com\/pt\/wp-json\/wp\/v2\/posts\/6454\/revisions\/6461"}],"wp:featuredmedia":[{"embeddable":true,"href":"https:\/\/tvstreamzilla.com\/pt\/wp-json\/wp\/v2\/media\/6455"}],"wp:attachment":[{"href":"https:\/\/tvstreamzilla.com\/pt\/wp-json\/wp\/v2\/media?parent=6454"}],"wp:term":[{"taxonomy":"category","embeddable":true,"href":"https:\/\/tvstreamzilla.com\/pt\/wp-json\/wp\/v2\/categories?post=6454"},{"taxonomy":"post_tag","embeddable":true,"href":"https:\/\/tvstreamzilla.com\/pt\/wp-json\/wp\/v2\/tags?post=6454"}],"curies":[{"name":"wp","href":"https:\/\/api.w.org\/{rel}","templated":true}]}}