{"id":6850,"date":"2025-09-16T14:22:51","date_gmt":"2025-09-16T14:22:51","guid":{"rendered":"https:\/\/tvstreamzilla.com\/pt\/?p=6850"},"modified":"2025-09-16T14:22:55","modified_gmt":"2025-09-16T14:22:55","slug":"e-agora-quem-vai-ficar-com-a-mamae","status":"publish","type":"post","link":"https:\/\/tvstreamzilla.com\/pt\/series\/e-agora-quem-vai-ficar-com-a-mamae\/","title":{"rendered":"E Agora, Quem Vai Ficar Com a Mam\u00e3e? \u2014 Miniss\u00e9rie que emociona e provoca reflex\u00e3o"},"content":{"rendered":"\n<p>A miniss\u00e9rie <strong>E Agora, Quem Vai Ficar Com a Mam\u00e3e?<\/strong> estreia no SBT entre os dias 1\u00ba e 5 de setembro de 2025. Ela aborda quest\u00f5es delicadas como envelhecimento, dem\u00eancia, afetos e responsabilidades familiares. Produzida em cinco epis\u00f3dios, a trama combina emo\u00e7\u00e3o com realismo para mostrar os desafios que surgem quando a mem\u00f3ria falha e os v\u00ednculos s\u00e3o testados.<\/p>\n\n\n\n<h2 class=\"wp-block-heading\">Enredo principal<\/h2>\n\n\n\n<p>Dona Maria, personagem central interpretada por <strong>Stella Miranda<\/strong>, \u00e9 uma mulher amorosa e ativa, prestes a completar 70 anos. Aos poucos, ela come\u00e7a a apresentar sinais de dem\u00eancia.<\/p>\n\n\n\n<p>Depois de um incidente dom\u00e9stico, seus tr\u00eas filhos  Nelson, Marcela e Beatriz decidem instituir um rod\u00edzio para cuidar dela em casa enquanto buscam uma solu\u00e7\u00e3o definitiva.<\/p>\n\n\n\n<p>Durante esse conv\u00edvio for\u00e7ado, antigas feridas familiares ressurgem, afetos negligenciados afloram, e os netos tamb\u00e9m se reaproximam da av\u00f3. Clarisse, Vitor e Lucinha (uma jovem com S\u00edndrome de Down) t\u00eam pap\u00e9is marcantes nessa reaproxima\u00e7\u00e3o.<\/p>\n\n\n\n<p>Por fim, o impasse maior surge quando Dona Maria decide que n\u00e3o quer se tornar um peso para a fam\u00edlia. Ela ent\u00e3o manifesta a vontade de ir voluntariamente para uma casa de repouso, gerando conflitos entre respeitar sua autonomia ou manter os cuidados em casa.<\/p>\n\n\n\n<figure class=\"wp-block-image size-full\"><img decoding=\"async\" loading=\"lazy\" width=\"734\" height=\"607\" src=\"https:\/\/tvstreamzilla.com\/pt\/wp-content\/uploads\/sites\/3\/2025\/09\/E-Agora-Quem-Vai-Ficar-Com-a-Mamae-elenco.jpg\" alt=\"E Agora Quem Vai Ficar Com a Mam\u00e3e? \u2013 Drama e emo\u00e7\u00e3o \" class=\"wp-image-6852\" srcset=\"https:\/\/tvstreamzilla.com\/pt\/wp-content\/uploads\/sites\/3\/2025\/09\/E-Agora-Quem-Vai-Ficar-Com-a-Mamae-elenco.jpg 734w, https:\/\/tvstreamzilla.com\/pt\/wp-content\/uploads\/sites\/3\/2025\/09\/E-Agora-Quem-Vai-Ficar-Com-a-Mamae-elenco-300x248.jpg 300w\" sizes=\"(max-width: 734px) 100vw, 734px\" \/><\/figure>\n\n\n\n<h2 class=\"wp-block-heading\">Elenco e personagens<\/h2>\n\n\n\n<p>O elenco central re\u00fane nomes que prometem atuar com sensibilidade:<\/p>\n\n\n\n<ul>\n<li><strong>Stella Miranda<\/strong> como Dona Maria<\/li>\n\n\n\n<li><strong>Joaquim Lopes<\/strong> como Nelson<\/li>\n\n\n\n<li><strong>Juliana Knust<\/strong> como Marcela<\/li>\n\n\n\n<li><strong>Mariana Molina<\/strong> como Beatriz<\/li>\n\n\n\n<li><strong>Lidi Lisboa<\/strong> como Fabiana, m\u00e9dica e nora de Dona Maria<\/li>\n\n\n\n<li><strong>Jo\u00e3o Pessanha<\/strong> como Vitor<\/li>\n\n\n\n<li><strong>Laura Luz<\/strong> como Clarisse<\/li>\n\n\n\n<li><strong>Valentina Borlenghi<\/strong> como Lucinha<\/li>\n<\/ul>\n\n\n\n<h2 class=\"wp-block-heading\">Produ\u00e7\u00e3o, formato e exibi\u00e7\u00e3o<\/h2>\n\n\n\n<p>A miniss\u00e9rie foi escrita por <strong>Alexandre Teixeira<\/strong> e criada por <strong>Cristianne Fridman<\/strong>.<br>A dire\u00e7\u00e3o \u00e9 de <strong>Jo\u00e3o Batista<\/strong>, com dire\u00e7\u00e3o-geral de <strong>Rica Mantoanelli<\/strong>.<\/p>\n\n\n\n<p>A produ\u00e7\u00e3o conta com <strong>5 epis\u00f3dios<\/strong>, cada um com cerca de 45 minutos de dura\u00e7\u00e3o.<br>O hor\u00e1rio de exibi\u00e7\u00e3o \u00e9 de <strong>segunda a sexta, \u00e0s 17h45, no SBT<\/strong>.<\/p>\n\n\n\n<h2 class=\"wp-block-heading\">Temas centrais e mensagem<\/h2>\n\n\n\n<p>A trama trata de temas universais, profundos e urgentes:<\/p>\n\n\n\n<ul>\n<li><strong>Dem\u00eancia<\/strong>: como ela afeta n\u00e3o s\u00f3 quem a vive, mas toda uma fam\u00edlia.<\/li>\n\n\n\n<li><strong>Autonomia vs. depend\u00eancia<\/strong>: o direito de escolher e o medo de gerar peso aos entes queridos.<\/li>\n\n\n\n<li><strong>Rela\u00e7\u00f5es familiares<\/strong>: rivalidades antigas, afetos deixados de lado, reconcilia\u00e7\u00f5es poss\u00edveis.<\/li>\n\n\n\n<li><strong>Inclusividade<\/strong>: presen\u00e7a da neta com S\u00edndrome de Down, rela\u00e7\u00e3o com os netos, mostrando diversidade e amor em diferentes formas.<\/li>\n<\/ul>\n\n\n\n<figure class=\"wp-block-embed is-type-video is-provider-youtube wp-block-embed-youtube wp-embed-aspect-16-9 wp-has-aspect-ratio\"><div class=\"wp-block-embed__wrapper\">\n<iframe loading=\"lazy\" title=\"E Agora, Quem Vai Ficar com a Mam\u00e3e?\" width=\"1170\" height=\"658\" src=\"https:\/\/www.youtube.com\/embed\/fRcOHZYAwJE?feature=oembed\" frameborder=\"0\" allow=\"accelerometer; autoplay; clipboard-write; encrypted-media; gyroscope; picture-in-picture; web-share\" referrerpolicy=\"strict-origin-when-cross-origin\" allowfullscreen><\/iframe>\n<\/div><\/figure>\n\n\n\n<h2 class=\"wp-block-heading\">Por que assistir?<\/h2>\n\n\n\n<ul>\n<li>Porque humaniza a dem\u00eancia, mostrando seus efeitos reais sem caricaturas.<\/li>\n\n\n\n<li>Porque provoca reflex\u00e3o sobre como cuidamos de quem sempre cuidou de n\u00f3s.<\/li>\n\n\n\n<li>Porque traz atua\u00e7\u00f5es fortes e verossimilidade emocional.<\/li>\n\n\n\n<li>Porque mistura <a href=\"https:\/\/tvstreamzilla.com\/pt\/category\/melhores-filmes\/filmes-de-drama\/\" data-internallinksmanager029f6b8e52c=\"45\" title=\"Descubra os melhores filmes de drama do streaming!\">drama<\/a> e leveza, tornando a experi\u00eancia intimista e envolvente.<\/li>\n<\/ul>\n\n\n\n<h2 class=\"wp-block-heading\">Conclus\u00e3o<\/h2>\n\n\n\n<p><strong>E Agora, Quem Vai Ficar Com a Mam\u00e3e?<\/strong> \u00e9 uma miniss\u00e9rie que emociona ao mesmo tempo em que alerta. Ela desafia preconceitos sobre envelhecimento e convida \u00e0 empatia. \u00c9 uma produ\u00e7\u00e3o que lembra: amar tamb\u00e9m \u00e9 escolher, cuidar tamb\u00e9m \u00e9 escutar, e fam\u00edlia nem sempre \u00e9 f\u00e1cil \u2014 mas muitas vezes \u00e9 o nosso ref\u00fagio.<\/p>\n\n\n\n<h2 class=\"wp-block-heading\">Explore Mais <a href=\"https:\/\/tvstreamzilla.com\/pt\/category\/melhores-filmes\/\" data-internallinksmanager029f6b8e52c=\"27\" title=\"Descubra os Melhores Filmes do Streaming\">Filmes<\/a> e <a href=\"https:\/\/tvstreamzilla.com\/pt\/category\/series\/\" data-internallinksmanager029f6b8e52c=\"28\" title=\"Descubra as melhores s\u00e9ries do streaming\">S\u00e9ries<\/a> Aqui no <a href=\"https:\/\/tvstreamzilla.com\/pt\/\" data-internallinksmanager029f6b8e52c=\"60\" title=\"TVStreamzilla\">TVStreamzilla<\/a><\/h2>\n\n\n\n<p>Agora que voc\u00ea j\u00e1 conheceu um pouco mais sobre <em>E Agora, Quem Vai Ficar Com a Mam\u00e3e?<\/em>, aproveite para explorar tudo o que o <a href=\"https:\/\/tvstreamzilla.com\/pt\/\" data-internallinksmanager029f6b8e52c=\"60\" title=\"TVStreamzilla\">TVStreamzilla<\/a> tem a oferecer. Afinal, se tem uma coisa que a gente entende, \u00e9 como indicar bons conte\u00fados.<\/p>\n","protected":false},"excerpt":{"rendered":"<p>A miniss\u00e9rie E Agora, Quem Vai Ficar Com a Mam\u00e3e? estreia no SBT entre os dias 1\u00ba e 5 de setembro de 2025. Ela aborda quest\u00f5es delicadas como envelhecimento, dem\u00eancia, afetos e responsabilidades familiares. Produzida em cinco epis\u00f3dios, a trama combina emo\u00e7\u00e3o com realismo para mostrar os desafios que surgem quando a mem\u00f3ria falha e [&hellip;]<\/p>\n","protected":false},"author":9,"featured_media":6851,"comment_status":"closed","ping_status":"closed","sticky":false,"template":"","format":"standard","meta":{"_mi_skip_tracking":false,"_monsterinsights_sitenote_active":false,"_monsterinsights_sitenote_note":"","_monsterinsights_sitenote_category":0},"categories":[6,183],"tags":[],"yoast_head":"<!-- This site is optimized with the Yoast SEO plugin v20.8 - https:\/\/yoast.com\/wordpress\/plugins\/seo\/ -->\n<title>E Agora Quem Vai Ficar Com a Mam\u00e3e? \u2013 Drama e emo\u00e7\u00e3o<\/title>\n<meta name=\"description\" content=\"Descubra a miniss\u00e9rie E Agora Quem Vai Ficar Com a Mam\u00e3e?, do SBT, que aborda envelhecimento, mem\u00f3ria e fam\u00edlia com emo\u00e7\u00e3o e sensibilidade.\" \/>\n<meta name=\"robots\" content=\"index, follow, max-snippet:-1, max-image-preview:large, max-video-preview:-1\" \/>\n<link rel=\"canonical\" href=\"https:\/\/tvstreamzilla.com\/pt\/series\/e-agora-quem-vai-ficar-com-a-mamae\/\" \/>\n<meta property=\"og:locale\" content=\"pt_BR\" \/>\n<meta property=\"og:type\" content=\"article\" \/>\n<meta property=\"og:title\" content=\"E Agora Quem Vai Ficar Com a Mam\u00e3e? \u2013 Drama e emo\u00e7\u00e3o\" \/>\n<meta property=\"og:description\" content=\"Descubra a miniss\u00e9rie E Agora Quem Vai Ficar Com a Mam\u00e3e?, do SBT, que aborda envelhecimento, mem\u00f3ria e fam\u00edlia com emo\u00e7\u00e3o e sensibilidade.\" \/>\n<meta property=\"og:url\" content=\"https:\/\/tvstreamzilla.com\/pt\/series\/e-agora-quem-vai-ficar-com-a-mamae\/\" \/>\n<meta property=\"og:site_name\" content=\"As \u00faltimas not\u00edcias de streaming de s\u00e9ries de TV, esportes e filmes\" \/>\n<meta property=\"article:published_time\" content=\"2025-09-16T14:22:51+00:00\" \/>\n<meta property=\"article:modified_time\" content=\"2025-09-16T14:22:55+00:00\" \/>\n<meta property=\"og:image\" content=\"https:\/\/tvstreamzilla.com\/pt\/wp-content\/uploads\/sites\/3\/2025\/09\/E-Agora-Quem-Vai-Ficar-Com-a-Mamae.jpg\" \/>\n\t<meta property=\"og:image:width\" content=\"2560\" \/>\n\t<meta property=\"og:image:height\" content=\"1707\" \/>\n\t<meta property=\"og:image:type\" content=\"image\/jpeg\" \/>\n<meta name=\"author\" content=\"manoella\" \/>\n<meta name=\"twitter:card\" content=\"summary_large_image\" \/>\n<meta name=\"twitter:label1\" content=\"Escrito por\" \/>\n\t<meta name=\"twitter:data1\" content=\"manoella\" \/>\n<script type=\"application\/ld+json\" class=\"yoast-schema-graph\">{\"@context\":\"https:\/\/schema.org\",\"@graph\":[{\"@type\":\"WebPage\",\"@id\":\"https:\/\/tvstreamzilla.com\/pt\/series\/e-agora-quem-vai-ficar-com-a-mamae\/\",\"url\":\"https:\/\/tvstreamzilla.com\/pt\/series\/e-agora-quem-vai-ficar-com-a-mamae\/\",\"name\":\"E Agora Quem Vai Ficar Com a Mam\u00e3e? \u2013 Drama e emo\u00e7\u00e3o\",\"isPartOf\":{\"@id\":\"https:\/\/tvstreamzilla.com\/pt\/#website\"},\"datePublished\":\"2025-09-16T14:22:51+00:00\",\"dateModified\":\"2025-09-16T14:22:55+00:00\",\"author\":{\"@id\":\"https:\/\/tvstreamzilla.com\/pt\/#\/schema\/person\/644a38c5149d537213761281399aa69b\"},\"description\":\"Descubra a miniss\u00e9rie E Agora Quem Vai Ficar Com a Mam\u00e3e?, do SBT, que aborda envelhecimento, mem\u00f3ria e fam\u00edlia com emo\u00e7\u00e3o e sensibilidade.\",\"breadcrumb\":{\"@id\":\"https:\/\/tvstreamzilla.com\/pt\/series\/e-agora-quem-vai-ficar-com-a-mamae\/#breadcrumb\"},\"inLanguage\":\"pt-BR\",\"potentialAction\":[{\"@type\":\"ReadAction\",\"target\":[\"https:\/\/tvstreamzilla.com\/pt\/series\/e-agora-quem-vai-ficar-com-a-mamae\/\"]}]},{\"@type\":\"BreadcrumbList\",\"@id\":\"https:\/\/tvstreamzilla.com\/pt\/series\/e-agora-quem-vai-ficar-com-a-mamae\/#breadcrumb\",\"itemListElement\":[{\"@type\":\"ListItem\",\"position\":1,\"name\":\"Home\",\"item\":\"https:\/\/tvstreamzilla.com\/pt\/\"},{\"@type\":\"ListItem\",\"position\":2,\"name\":\"E Agora, Quem Vai Ficar Com a Mam\u00e3e? \u2014 Miniss\u00e9rie que emociona e provoca reflex\u00e3o\"}]},{\"@type\":\"WebSite\",\"@id\":\"https:\/\/tvstreamzilla.com\/pt\/#website\",\"url\":\"https:\/\/tvstreamzilla.com\/pt\/\",\"name\":\"As \u00faltimas not\u00edcias de streaming de s\u00e9ries de TV, esportes e filmes\",\"description\":\"Streaming de programas de TV e filmes\",\"potentialAction\":[{\"@type\":\"SearchAction\",\"target\":{\"@type\":\"EntryPoint\",\"urlTemplate\":\"https:\/\/tvstreamzilla.com\/pt\/?s={search_term_string}\"},\"query-input\":\"required name=search_term_string\"}],\"inLanguage\":\"pt-BR\"},{\"@type\":\"Person\",\"@id\":\"https:\/\/tvstreamzilla.com\/pt\/#\/schema\/person\/644a38c5149d537213761281399aa69b\",\"name\":\"manoella\",\"image\":{\"@type\":\"ImageObject\",\"inLanguage\":\"pt-BR\",\"@id\":\"https:\/\/tvstreamzilla.com\/pt\/#\/schema\/person\/image\/\",\"url\":\"https:\/\/secure.gravatar.com\/avatar\/e764f073883cf05309e587382e5c8120?s=96&d=mm&r=g\",\"contentUrl\":\"https:\/\/secure.gravatar.com\/avatar\/e764f073883cf05309e587382e5c8120?s=96&d=mm&r=g\",\"caption\":\"manoella\"},\"url\":\"https:\/\/tvstreamzilla.com\/pt\/author\/manoella\/\"}]}<\/script>\n<!-- \/ Yoast SEO plugin. -->","yoast_head_json":{"title":"E Agora Quem Vai Ficar Com a Mam\u00e3e? \u2013 Drama e emo\u00e7\u00e3o","description":"Descubra a miniss\u00e9rie E Agora Quem Vai Ficar Com a Mam\u00e3e?, do SBT, que aborda envelhecimento, mem\u00f3ria e fam\u00edlia com emo\u00e7\u00e3o e sensibilidade.","robots":{"index":"index","follow":"follow","max-snippet":"max-snippet:-1","max-image-preview":"max-image-preview:large","max-video-preview":"max-video-preview:-1"},"canonical":"https:\/\/tvstreamzilla.com\/pt\/series\/e-agora-quem-vai-ficar-com-a-mamae\/","og_locale":"pt_BR","og_type":"article","og_title":"E Agora Quem Vai Ficar Com a Mam\u00e3e? \u2013 Drama e emo\u00e7\u00e3o","og_description":"Descubra a miniss\u00e9rie E Agora Quem Vai Ficar Com a Mam\u00e3e?, do SBT, que aborda envelhecimento, mem\u00f3ria e fam\u00edlia com emo\u00e7\u00e3o e sensibilidade.","og_url":"https:\/\/tvstreamzilla.com\/pt\/series\/e-agora-quem-vai-ficar-com-a-mamae\/","og_site_name":"As \u00faltimas not\u00edcias de streaming de s\u00e9ries de TV, esportes e filmes","article_published_time":"2025-09-16T14:22:51+00:00","article_modified_time":"2025-09-16T14:22:55+00:00","og_image":[{"width":2560,"height":1707,"url":"https:\/\/tvstreamzilla.com\/pt\/wp-content\/uploads\/sites\/3\/2025\/09\/E-Agora-Quem-Vai-Ficar-Com-a-Mamae.jpg","type":"image\/jpeg"}],"author":"manoella","twitter_card":"summary_large_image","twitter_misc":{"Escrito por":"manoella"},"schema":{"@context":"https:\/\/schema.org","@graph":[{"@type":"WebPage","@id":"https:\/\/tvstreamzilla.com\/pt\/series\/e-agora-quem-vai-ficar-com-a-mamae\/","url":"https:\/\/tvstreamzilla.com\/pt\/series\/e-agora-quem-vai-ficar-com-a-mamae\/","name":"E Agora Quem Vai Ficar Com a Mam\u00e3e? \u2013 Drama e emo\u00e7\u00e3o","isPartOf":{"@id":"https:\/\/tvstreamzilla.com\/pt\/#website"},"datePublished":"2025-09-16T14:22:51+00:00","dateModified":"2025-09-16T14:22:55+00:00","author":{"@id":"https:\/\/tvstreamzilla.com\/pt\/#\/schema\/person\/644a38c5149d537213761281399aa69b"},"description":"Descubra a miniss\u00e9rie E Agora Quem Vai Ficar Com a Mam\u00e3e?, do SBT, que aborda envelhecimento, mem\u00f3ria e fam\u00edlia com emo\u00e7\u00e3o e sensibilidade.","breadcrumb":{"@id":"https:\/\/tvstreamzilla.com\/pt\/series\/e-agora-quem-vai-ficar-com-a-mamae\/#breadcrumb"},"inLanguage":"pt-BR","potentialAction":[{"@type":"ReadAction","target":["https:\/\/tvstreamzilla.com\/pt\/series\/e-agora-quem-vai-ficar-com-a-mamae\/"]}]},{"@type":"BreadcrumbList","@id":"https:\/\/tvstreamzilla.com\/pt\/series\/e-agora-quem-vai-ficar-com-a-mamae\/#breadcrumb","itemListElement":[{"@type":"ListItem","position":1,"name":"Home","item":"https:\/\/tvstreamzilla.com\/pt\/"},{"@type":"ListItem","position":2,"name":"E Agora, Quem Vai Ficar Com a Mam\u00e3e? \u2014 Miniss\u00e9rie que emociona e provoca reflex\u00e3o"}]},{"@type":"WebSite","@id":"https:\/\/tvstreamzilla.com\/pt\/#website","url":"https:\/\/tvstreamzilla.com\/pt\/","name":"As \u00faltimas not\u00edcias de streaming de s\u00e9ries de TV, esportes e filmes","description":"Streaming de programas de TV e filmes","potentialAction":[{"@type":"SearchAction","target":{"@type":"EntryPoint","urlTemplate":"https:\/\/tvstreamzilla.com\/pt\/?s={search_term_string}"},"query-input":"required name=search_term_string"}],"inLanguage":"pt-BR"},{"@type":"Person","@id":"https:\/\/tvstreamzilla.com\/pt\/#\/schema\/person\/644a38c5149d537213761281399aa69b","name":"manoella","image":{"@type":"ImageObject","inLanguage":"pt-BR","@id":"https:\/\/tvstreamzilla.com\/pt\/#\/schema\/person\/image\/","url":"https:\/\/secure.gravatar.com\/avatar\/e764f073883cf05309e587382e5c8120?s=96&d=mm&r=g","contentUrl":"https:\/\/secure.gravatar.com\/avatar\/e764f073883cf05309e587382e5c8120?s=96&d=mm&r=g","caption":"manoella"},"url":"https:\/\/tvstreamzilla.com\/pt\/author\/manoella\/"}]}},"_links":{"self":[{"href":"https:\/\/tvstreamzilla.com\/pt\/wp-json\/wp\/v2\/posts\/6850"}],"collection":[{"href":"https:\/\/tvstreamzilla.com\/pt\/wp-json\/wp\/v2\/posts"}],"about":[{"href":"https:\/\/tvstreamzilla.com\/pt\/wp-json\/wp\/v2\/types\/post"}],"author":[{"embeddable":true,"href":"https:\/\/tvstreamzilla.com\/pt\/wp-json\/wp\/v2\/users\/9"}],"replies":[{"embeddable":true,"href":"https:\/\/tvstreamzilla.com\/pt\/wp-json\/wp\/v2\/comments?post=6850"}],"version-history":[{"count":1,"href":"https:\/\/tvstreamzilla.com\/pt\/wp-json\/wp\/v2\/posts\/6850\/revisions"}],"predecessor-version":[{"id":6853,"href":"https:\/\/tvstreamzilla.com\/pt\/wp-json\/wp\/v2\/posts\/6850\/revisions\/6853"}],"wp:featuredmedia":[{"embeddable":true,"href":"https:\/\/tvstreamzilla.com\/pt\/wp-json\/wp\/v2\/media\/6851"}],"wp:attachment":[{"href":"https:\/\/tvstreamzilla.com\/pt\/wp-json\/wp\/v2\/media?parent=6850"}],"wp:term":[{"taxonomy":"category","embeddable":true,"href":"https:\/\/tvstreamzilla.com\/pt\/wp-json\/wp\/v2\/categories?post=6850"},{"taxonomy":"post_tag","embeddable":true,"href":"https:\/\/tvstreamzilla.com\/pt\/wp-json\/wp\/v2\/tags?post=6850"}],"curies":[{"name":"wp","href":"https:\/\/api.w.org\/{rel}","templated":true}]}}